{"id":2380,"date":"2019-08-05T09:01:05","date_gmt":"2019-08-05T07:01:05","guid":{"rendered":"http:\/\/lzf.lv\/?p=2380"},"modified":"2019-08-05T09:10:27","modified_gmt":"2019-08-05T07:10:27","slug":"darba-devejiem-nva-piedava-iespeju-meklet-vajadzigos-darbiniekus-piedaloties-starptautiskaja-tiessaistes-darba-diena-darbs-un-karjera-latvija","status":"publish","type":"post","link":"https:\/\/lzf.lv\/?p=2380","title":{"rendered":"Darba dev\u0113jiem NVA pied\u0101v\u0101 iesp\u0113ju mekl\u0113t vajadz\u012bgos darbiniekus,  piedaloties starptautiskaj\u0101 tie\u0161saistes darba dien\u0101 \u201eDarbs un karjera Latvij\u0101\u201d"},"content":{"rendered":"<p><strong><em>2019.gada 26.septembr\u012b Nodarbin\u0101t\u012bbas valsts a\u0123ent\u016bra (NVA) un Eiropas nodarbin\u0101t\u012bbas dienestu t\u012bkls (EURES) Eiropas darba dienu platform\u0101 <\/em><\/strong><a href=\"http:\/\/www.europeanjobdays.eu\"><strong><em>www.europeanjobdays.eu<\/em><\/strong><\/a><strong><em> r\u012bkos starptautisku tie\u0161saistes darba dienu \u201eDarbs un karjera Latvij\u0101\u201d, <\/em><\/strong><strong><em>pied\u0101v\u0101jot <\/em><\/strong><strong><em>Latvijas darba dev\u0113jiem <\/em><\/strong><strong><em>iesp\u0113ju atrast kvalific\u0113tus un motiv\u0113tus darbiniekus, bet darba mekl\u0113t\u0101jiem\u00a0 \u2013 darbu Latvij\u0101. <\/em><\/strong><\/p>\n<p><strong><em>\u00a0<\/em><\/strong>Piedal\u012bties tie\u0161saistes darba dien\u0101 var\u0113s darba mekl\u0113t\u0101ji, kuri dz\u012bvo gan Latvij\u0101, gan citviet pasaul\u0113. Tie\u0161saistes darba diena \u201eDarbs un karjera Latvij\u0101\u201d b\u016bs ar\u012b sava veida tilts, kas savienos m\u016bsu valsts darba dev\u0113jus un Latvijas valstspieder\u012bgos darba mekl\u0113t\u0101jus, kuri \u0161obr\u012bd dz\u012bvo \u0101rvalst\u012bs, bet v\u0113las atgriezties Latvijas darba tirg\u016b.<\/p>\n<p><strong>Gan darba dev\u0113jiem, gan darba mekl\u0113t\u0101jiem dal\u012bba pas\u0101kum\u0101 ir BEZ MAKSAS!<\/strong><\/p>\n<p><strong>\u00a0<\/strong>Aicin\u0101m darba dev\u0113jus jau tagad re\u0123istr\u0113ties Eiropas darba dienu platform\u0101 <strong><em><a href=\"http:\/\/www.europeanjobdays.eu\">www.europeanjobdays.eu<\/a><\/em><\/strong> piem\u0113rotu darbinieku atra\u0161anai, public\u0113t vakances un ievietot prezent\u0101cijas sava uz\u0146\u0113muma starptautisk\u0101s atpaz\u012bstam\u012bbas veicin\u0101\u0161anai. Savuk\u0101rt darba mekl\u0113t\u0101jus Eiropas darba dienu platform\u0101 <strong><em><a href=\"http:\/\/www.europeanjobdays.eu\">www.europeanjobdays.eu<\/a><\/em><\/strong> aicin\u0101sim re\u0123istr\u0113ties pas\u0101kuma dien\u0101 \u2013 26.septembr\u012b, kad no plkst.10.00 l\u012bdz 16.00 vi\u0146iem b\u016bs iesp\u0113ja tie\u0161saist\u0113 pieteikties v\u0113lamajai vakancei un ar darba dev\u0113ju saska\u0146ot darba intervijas laiku. Gan darba dev\u0113jiem, gan darba mekl\u0113t\u0101jiem dal\u012bba tie\u0161saistes pas\u0101kum\u0101 26.septembr\u012b b\u016bs pieejama no jebkura datora vai viedier\u012bces ar interneta piesl\u0113gumu.<\/p>\n<p>Lai piedal\u012btos\u00a0tie\u0161saistes darba dien\u0101, ir j\u0101re\u0123istr\u0113 profils Eiropas darba dienu platform\u0101 (<a href=\"http:\/\/www.europeanjobdays.eu\">www.europeanjobdays.eu<\/a>) un j\u0101piesak\u0101s pas\u0101kumam \u201eDarbs un karjera Latvij\u0101\u201d\u00a0 (<a href=\"https:\/\/www.europeanjobdays.eu\/en\/events\/job-and-career-latvia-2019\">https:\/\/www.europeanjobdays.eu\/en\/events\/job-and-career-latvia-2019<\/a>).<\/p>\n<p>Pas\u0101kum\u0101 piedal\u012bsies ar\u012b Pilson\u012bbas un migr\u0101cijas lietu p\u0101rvaldes, Valsts soci\u0101l\u0101s apdro\u0161in\u0101\u0161anas a\u0123ent\u016bras un Valsts ie\u0146\u0113mumu dienesta p\u0101rst\u0101vji, kuri atbild\u0113s uz re\u0123istr\u0113to lietot\u0101ju jaut\u0101jumiem par darba un dz\u012bves apst\u0101k\u013ciem Latvij\u0101,\u00a0darba l\u012bguma veidiem, soci\u0101laj\u0101m garantij\u0101m, nodok\u013ciem u.c.<\/p>\n<p>Tie\u0161saistes darba diena \u201eDarbs un karjera Latvij\u0101\u201d tiek r\u012bkota sadarb\u012bb\u0101 ar Latvijas Republikas \u0100rlietu ministriju, Pilson\u012bbas un migr\u0101cijas lietu p\u0101rvaldi, Valsts soci\u0101l\u0101s apdro\u0161in\u0101\u0161anas a\u0123ent\u016bru, Vides aizsardz\u012bbas un re\u0123ion\u0101las att\u012bst\u012bbas ministriju, Latvijas Invest\u012bciju un att\u012bst\u012bbas a\u0123ent\u016bru, Valsts darba inspekciju, Valsts ie\u0146\u0113mumu dienestu, \u201cTele2\u201d soci\u0101lo kust\u012bbu \u201cLatvija str\u0101d\u0101\u201d un projektu <em>Your Move<\/em>.<\/p>\n<p>Papildu inform\u0101ciju var uzzin\u0101t, sazinoties ar Eiropas darba dienas EURES koordinatoriem Latvij\u0101 Ilzi Lu\u012bzi Mihailovu (e-pasts: IlzeLuize.Mihailova@nva.gov.lv, t\u0101lr. 67870976) vai Andri Segli\u0146u (e-pasts: Andris.Seglins@nva.gov.lv, t\u0101lr. 63429422).<\/p>\n<p><img loading=\"lazy\" decoding=\"async\" class=\"wp-image-2379 aligncenter\" src=\"http:\/\/lzf.lv\/wp-content\/uploads\/2019\/08\/Page-post-1200x628-300x156.jpg\" alt=\"Page-post-1200x628\" width=\"625\" height=\"325\" srcset=\"https:\/\/lzf.lv\/wp-content\/uploads\/2019\/08\/Page-post-1200x628-300x156.jpg 300w, https:\/\/lzf.lv\/wp-content\/uploads\/2019\/08\/Page-post-1200x628.jpg 600w\" sizes=\"auto, (max-width: 625px) 100vw, 625px\" \/><\/p>\n<p>Uzzi\u0146ai:<\/p>\n<ul>\n<li>Eiropas darba dienu platforma <a href=\"http:\/\/www.europeanjobdays.eu\">europeanjobdays.eu<\/a> ir izveidota 2013.gad\u0101, un to koordin\u0113 Eiropas Nodarbin\u0101t\u012bbas dienestu t\u012bkls un Eiropas Komisija.<\/li>\n<\/ul>\n<ul>\n<li>EURES ir Eiropas valstu nodarbin\u0101t\u012bbas dienestu un partneru sadarb\u012bbas t\u012bkls, kura uzdevums ir atbalst\u012bt tos darba dev\u0113jus un darba mekl\u0113t\u0101jus, kuri v\u0113las izmantot Eiropas darba mobilit\u0101tes iesp\u0113jas.<\/li>\n<li>EURES t\u012bkl\u0101 vis\u0101 Eirop\u0101 str\u0101d\u0101 EURES konsultanti, kas ir specializ\u0113ju\u0161ies praktiskos, juridiskos un administrat\u012bvos jaut\u0101jumos saist\u012bb\u0101 ar Eiropas darba mobilit\u0101ti starpvalstu un p\u0101rrobe\u017eu l\u012bmen\u012b.<\/li>\n<li>Latvij\u0101 EURES t\u012bklu p\u0101rst\u0101v Nodarbin\u0101t\u012bbas valsts a\u0123ent\u016bra (NVA) un t\u0101s EURES konsultanti NVA fili\u0101l\u0113s C\u0113s\u012bs, Daugavpil\u012b, Liep\u0101j\u0101 un R\u012bg\u0101.<\/li>\n<\/ul>\n<p><img loading=\"lazy\" decoding=\"async\" class=\"wp-image-2355 aligncenter\" src=\"http:\/\/lzf.lv\/wp-content\/uploads\/2019\/07\/logo-300x68.png\" alt=\"logo\" width=\"746\" height=\"169\" srcset=\"https:\/\/lzf.lv\/wp-content\/uploads\/2019\/07\/logo-300x68.png 300w, https:\/\/lzf.lv\/wp-content\/uploads\/2019\/07\/logo.png 741w\" sizes=\"auto, (max-width: 746px) 100vw, 746px\" \/><\/p>\n<p style=\"text-align: center;\"><span lang=\"EN-US\">Projekts nr.7.1.2.1.\/15\/I\/001 \u201e EURES t\u012bkla darb\u012bba Latvij\u0101\u201d<\/span><\/p>\n<p>Inform\u0101cijas avots:\u00a0Nodarbin\u0101t\u012bbas valsts a\u0123ent\u016bra<\/p>\n","protected":false},"excerpt":{"rendered":"<div class=\"mh-excerpt\"><p>2019.gada 26.septembr\u012b Nodarbin\u0101t\u012bbas valsts a\u0123ent\u016bra (NVA) un Eiropas nodarbin\u0101t\u012bbas dienestu t\u012bkls (EURES) Eiropas darba dienu platform\u0101 www.europeanjobdays.eu r\u012bkos starptautisku tie\u0161saistes <a class=\"mh-excerpt-more\" href=\"https:\/\/lzf.lv\/?p=2380\" title=\"Darba dev\u0113jiem NVA pied\u0101v\u0101 iesp\u0113ju mekl\u0113t vajadz\u012bgos darbiniekus,  piedaloties starptautiskaj\u0101 tie\u0161saistes darba dien\u0101 \u201eDarbs un karjera Latvij\u0101\u201d\">[&#8230;Las\u012bt vair\u0101k]<\/a><\/p>\n<\/div>","protected":false},"author":2,"featured_media":2386,"comment_status":"closed","ping_status":"open","sticky":false,"template":"","format":"standard","meta":{"footnotes":""},"categories":[1],"tags":[],"class_list":["post-2380","post","type-post","status-publish","format-standard","has-post-thumbnail","hentry","category-aktualitates"],"_links":{"self":[{"href":"https:\/\/lzf.lv\/index.php?rest_route=\/wp\/v2\/posts\/2380","targetHints":{"allow":["GET"]}}],"collection":[{"href":"https:\/\/lzf.lv\/index.php?rest_route=\/wp\/v2\/posts"}],"about":[{"href":"https:\/\/lzf.lv\/index.php?rest_route=\/wp\/v2\/types\/post"}],"author":[{"embeddable":true,"href":"https:\/\/lzf.lv\/index.php?rest_route=\/wp\/v2\/users\/2"}],"replies":[{"embeddable":true,"href":"https:\/\/lzf.lv\/index.php?rest_route=%2Fwp%2Fv2%2Fcomments&post=2380"}],"version-history":[{"count":2,"href":"https:\/\/lzf.lv\/index.php?rest_route=\/wp\/v2\/posts\/2380\/revisions"}],"predecessor-version":[{"id":2382,"href":"https:\/\/lzf.lv\/index.php?rest_route=\/wp\/v2\/posts\/2380\/revisions\/2382"}],"wp:featuredmedia":[{"embeddable":true,"href":"https:\/\/lzf.lv\/index.php?rest_route=\/wp\/v2\/media\/2386"}],"wp:attachment":[{"href":"https:\/\/lzf.lv\/index.php?rest_route=%2Fwp%2Fv2%2Fmedia&parent=2380"}],"wp:term":[{"taxonomy":"category","embeddable":true,"href":"https:\/\/lzf.lv\/index.php?rest_route=%2Fwp%2Fv2%2Fcategories&post=2380"},{"taxonomy":"post_tag","embeddable":true,"href":"https:\/\/lzf.lv\/index.php?rest_route=%2Fwp%2Fv2%2Ftags&post=2380"}],"curies":[{"name":"wp","href":"https:\/\/api.w.org\/{rel}","templated":true}]}}