{"id":2392,"date":"2019-08-05T13:23:52","date_gmt":"2019-08-05T11:23:52","guid":{"rendered":"http:\/\/lzf.lv\/?p=2392"},"modified":"2019-08-12T09:56:51","modified_gmt":"2019-08-12T07:56:51","slug":"macibas-galas-liellopu-audzetajiem-zemgale-14-15-augusta","status":"publish","type":"post","link":"https:\/\/lzf.lv\/?p=2392","title":{"rendered":"M\u0101c\u012bbas ga\u013cas liellopu audz\u0113t\u0101jiem Zemgal\u0113 14.-15.august\u0101"},"content":{"rendered":"<div>2019. gada 14.-15. august\u0101 Bausk\u0101 notiks biedr\u012bbas &#8220;Ga\u013cas liellopu audz\u0113t\u0101ju biedr\u012bba&#8221; organiz\u0113t\u0101s divu dienu m\u0101c\u012bbas &#8220;Biolo\u0123isk\u0101s ga\u013cas \u0161\u0137irnes liellopu audz\u0113\u0161ana, uz tirgu v\u0113rsta biolo\u0123isk\u0101s lauksaimniec\u012bbas produkcijas ra\u017eo\u0161ana&#8221;.<\/div>\n<div>Teorijas da\u013ca Bauskas novada domes 2.st\u0101va z\u0101l\u0113. Praktisk\u0101 da\u013ca ZS Jundas (Vecsaules pagasts, Bauskas novads).<\/div>\n<div>Lektores &#8211; profesore Daina Kairi\u0161a un Baltic vianco vad\u012bt\u0101ja Inga Mui\u017eniece.<\/div>\n<div><strong>M\u0101c\u012bbas ir bezmaksas.<\/strong><\/div>\n<div>M\u0101c\u012bbas ietver gan teor\u0113tisk\u0101s, gan praktisk\u0101s nodarb\u012bbas. <a href=\"http:\/\/lzf.lv\/wp-content\/uploads\/2019\/08\/GLAB-macibu_programma.pdf\"><strong>M\u0101c\u012bbu programma.<\/strong><\/a><\/div>\n<div>Pieteik\u0161an\u0101s oblig\u0101ta, dal\u012bbnieku skaits ierobe\u017eots.<\/div>\n<div>Visiem, kuri b\u016bs apmekl\u0113ju\u0161i vismaz 75%, tiks izsniegts apliecin\u0101jums.<\/div>\n<div>Dal\u012bbai m\u0101c\u012bb\u0101s aicin\u0101m pieteikties, zvanot pa t\u0101lr. 28628983 vai rakstot uz e-pastu:\u00a0<span id=\"cloak8ade7841fa8daa97867ec317269f87ec\"><a href=\"mailto:nvo.glab@gmail.com\" target=\"_blank\">nvo.glab@gmail.com<\/a><\/span>.<\/div>\n<div>Pirms apstiprin\u0101sim J\u016bsu re\u0123istr\u0101ciju, l\u016bgums aizpild\u012bt un elektroniski ats\u016bt\u012bt\u00a0<strong><a href=\"http:\/\/lglab.lv\/images\/macibu_dalibnieka_registracijas_anketa_.docx\">M\u0101c\u012bbu dal\u012bbnieka re\u0123istr\u0101cijas veidlapu<\/a>.<\/strong><\/div>\n<div>Papildus aicin\u0101m ats\u016bt\u012bt skan\u0113tus ar\u012b citus saisto\u0161us dokumentus, kas pier\u0101da J\u016bsu iesaisti nozar\u0113s (lauksaimniec\u012bbas un p\u0101rtikas ra\u017eo\u0161anas nozare vai p\u0101rtikas ra\u017eo\u0161anas nozare vai me\u017esaimniec\u012bbas nozare).<\/div>\n<div>K\u0101 saisto\u0161ie dokumenti var b\u016bt, piem\u0113ram, Zemesgr\u0101mata, kas apliecina, ka J\u016bsu \u012bpa\u0161um\u0101 ir lauksaimniec\u012bbas zeme, me\u017es; EPS izdruka, ja J\u016bs 2019.gad\u0101 esiet pieteicies plat\u012bbu maks\u0101jumiem; saimniecisk\u0101s darb\u012bbas veic\u0113jiem D3 veidlapas kopija; juridisk\u0101m person\u0101m gada p\u0101rskata kopija; uz\u0146\u0113muma (z\/s) darbiniekiem izzi\u0146a par to, ka str\u0101d\u0101 uz\u0146\u0113mum\u0101 (darba l\u012bgums nav j\u0101iesniedz), par \u0123imenes locek\u013ciem -skaidrojumu ieraksta M\u0101c\u012bbu dal\u012bbnieka re\u0123istr\u0101cijas veidlap\u0101 sada\u013c\u0101 Piez\u012bmes \u2013radniec\u012bbas saist\u012bbu ar uz\u0146\u0113muma \u012bpa\u0161nieku, k\u0101 ar\u012b inform\u0101ciju par to, ka klaus\u012bt\u0101js ir iesaist\u012bts uz\u0146\u0113muma saimnieciskaj\u0101 darb\u012bb\u0101 un ir kop\u012bga m\u0101jsaimniec\u012bba. V\u0113rt\u0113t\u0101jiem un p\u0101rraugiem &#8211; sertifik\u0101ta kopija.<\/div>\n<div>\u00a0<img loading=\"lazy\" decoding=\"async\" class=\"wp-image-908 aligncenter\" src=\"http:\/\/lzf.lv\/wp-content\/uploads\/2017\/09\/EU-NAP-logo-300x52.jpg\" alt=\"EU NAP logo\" width=\"658\" height=\"114\" srcset=\"https:\/\/lzf.lv\/wp-content\/uploads\/2017\/09\/EU-NAP-logo-300x52.jpg 300w, https:\/\/lzf.lv\/wp-content\/uploads\/2017\/09\/EU-NAP-logo-768x133.jpg 768w, https:\/\/lzf.lv\/wp-content\/uploads\/2017\/09\/EU-NAP-logo-1024x177.jpg 1024w, https:\/\/lzf.lv\/wp-content\/uploads\/2017\/09\/EU-NAP-logo.jpg 1500w\" sizes=\"auto, (max-width: 658px) 100vw, 658px\" \/><\/div>\n<div>Inform\u0101cijas avots :Ga\u013cas liellopu audz\u0113t\u0101ju biedr\u012bba<\/div>\n","protected":false},"excerpt":{"rendered":"<div class=\"mh-excerpt\"><p>2019. gada 14.-15. august\u0101 Bausk\u0101 notiks biedr\u012bbas &#8220;Ga\u013cas liellopu audz\u0113t\u0101ju biedr\u012bba&#8221; organiz\u0113t\u0101s divu dienu m\u0101c\u012bbas &#8220;Biolo\u0123isk\u0101s ga\u013cas \u0161\u0137irnes liellopu audz\u0113\u0161ana, <a class=\"mh-excerpt-more\" href=\"https:\/\/lzf.lv\/?p=2392\" title=\"M\u0101c\u012bbas ga\u013cas liellopu audz\u0113t\u0101jiem Zemgal\u0113 14.-15.august\u0101\">[&#8230;Las\u012bt vair\u0101k]<\/a><\/p>\n<\/div>","protected":false},"author":2,"featured_media":2397,"comment_status":"closed","ping_status":"open","sticky":false,"template":"","format":"standard","meta":{"footnotes":""},"categories":[1],"tags":[],"class_list":["post-2392","post","type-post","status-publish","format-standard","has-post-thumbnail","hentry","category-aktualitates"],"_links":{"self":[{"href":"https:\/\/lzf.lv\/index.php?rest_route=\/wp\/v2\/posts\/2392","targetHints":{"allow":["GET"]}}],"collection":[{"href":"https:\/\/lzf.lv\/index.php?rest_route=\/wp\/v2\/posts"}],"about":[{"href":"https:\/\/lzf.lv\/index.php?rest_route=\/wp\/v2\/types\/post"}],"author":[{"embeddable":true,"href":"https:\/\/lzf.lv\/index.php?rest_route=\/wp\/v2\/users\/2"}],"replies":[{"embeddable":true,"href":"https:\/\/lzf.lv\/index.php?rest_route=%2Fwp%2Fv2%2Fcomments&post=2392"}],"version-history":[{"count":5,"href":"https:\/\/lzf.lv\/index.php?rest_route=\/wp\/v2\/posts\/2392\/revisions"}],"predecessor-version":[{"id":2399,"href":"https:\/\/lzf.lv\/index.php?rest_route=\/wp\/v2\/posts\/2392\/revisions\/2399"}],"wp:featuredmedia":[{"embeddable":true,"href":"https:\/\/lzf.lv\/index.php?rest_route=\/wp\/v2\/media\/2397"}],"wp:attachment":[{"href":"https:\/\/lzf.lv\/index.php?rest_route=%2Fwp%2Fv2%2Fmedia&parent=2392"}],"wp:term":[{"taxonomy":"category","embeddable":true,"href":"https:\/\/lzf.lv\/index.php?rest_route=%2Fwp%2Fv2%2Fcategories&post=2392"},{"taxonomy":"post_tag","embeddable":true,"href":"https:\/\/lzf.lv\/index.php?rest_route=%2Fwp%2Fv2%2Ftags&post=2392"}],"curies":[{"name":"wp","href":"https:\/\/api.w.org\/{rel}","templated":true}]}}