{"id":2787,"date":"2020-02-17T13:25:07","date_gmt":"2020-02-17T11:25:07","guid":{"rendered":"https:\/\/lzf.lv\/?p=2787"},"modified":"2020-02-20T15:06:14","modified_gmt":"2020-02-20T13:06:14","slug":"aicinam-uz-macibam-par-kooperacijas-nozimi-mazo-saimniecibu-attistiba-konkuretspejas-palielinasana-un-citu-valstu-sadarbibas-pieredzi-2","status":"publish","type":"post","link":"https:\/\/lzf.lv\/?p=2787","title":{"rendered":"Pieteik\u0161an\u0101s sl\u0113gta! Aicin\u0101m uz m\u0101c\u012bb\u0101m par kooper\u0101cijas noz\u012bmi mazo saimniec\u012bbu att\u012bst\u012bb\u0101, konkur\u0113tsp\u0113jas palielin\u0101\u0161an\u0101 un citu valstu sadarb\u012bbas pieredzi."},"content":{"rendered":"\n<p><strong>Biedr\u012bba \u201cLatvijas Zemnieku feder\u0101cija<\/strong>\u201d, pas\u0101kuma \u201cZin\u0101\u0161anu p\u0101rneses un inform\u0101cijas pas\u0101kumi\u201d\napak\u0161pas\u0101kuma \u201cProfesion\u0101l\u0101s izgl\u012bt\u012bbas un prasmju apguves pas\u0101kumi\u201d ietvaros <strong>organiz\u0113&nbsp;m\u0101c\u012bbas \u201cKooper\u0101cijas noz\u012bme\nmazo saimniec\u012bbu att\u012bst\u012bb\u0101, konkur\u0113tsp\u0113jas palielin\u0101\u0161an\u0101, citu valstu\nsadarb\u012bbas pieredze\u201d. <\/strong><strong><\/strong><\/p>\n\n\n\n<p><strong>M\u0101c\u012bbu norises vieta un laiks. <\/strong><strong><\/strong><\/p>\n\n\n\n<p><strong>Teor\u0113tisk\u0101 da\u013ca notiks 2020.gada 3.mart\u0101 un 8.mart\u0101 v<\/strong><strong>iesu nam\u0101 \u201cViestarti\u201d, Iecava, Iecavas\nnovads, LV-3913. <\/strong><strong><\/strong><\/p>\n\n\n\n<p><strong>Praktisk\u0101 da\u013ca -2020.gada 9.-13.mart\u0101 \u010cehij\u0101<\/strong><strong>, apmekl\u0113jot da\u017e\u0101du nozaru kooperat\u012bvus\nun saimniec\u012bbas.<\/strong><strong><\/strong><\/p>\n\n\n\n<p>\u012astenojot pied\u0101v\u0101t\u0101s m\u0101c\u012bbas, tiks veidota un palielin\u0101ta\nlauksaimnieku un p\u0101rtikas ra\u017eot\u0101ju izpratne par kooper\u0101cijas noz\u012bmi mazo\nsaimniec\u012bbu att\u012bst\u012bb\u0101 un konkur\u0113tsp\u0113jas uzlabo\u0161anu. &nbsp;<\/p>\n\n\n\n<p>M\u0101c\u012bbu kursa lektori- \u010cehijas un Mor\u0101vijas lauksaimniec\u012bbas savien\u012bbas direktore <strong>Karol\u012bna\nMenclov\u0101 <\/strong>un LZF Lauku att\u012bst\u012bbas\neksperte <strong>Agnese Hauka. <\/strong><strong><\/strong><\/p>\n\n\n\n<p><strong>M\u0101c\u012bbas ir\nbezmaksas.<\/strong><strong><\/strong><\/p>\n\n\n\n<p>M\u0101c\u012bbas ietver 13h (1h=45 min)\nteor\u0113tisk\u0101s nodarb\u012bbas un 19h ilgu praktisko da\u013cu. M\u0101c\u012bbu dal\u012bbniekiem, kuri\nb\u016bs apmekl\u0113ju\u0161i 75%, tiks izsniegts apliecin\u0101jums.<\/p>\n\n\n\n<p>Ar m\u0101c\u012bbu programmu var iepaz\u012bties <a href=\"https:\/\/lzf.lv\/wp-content\/uploads\/2020\/02\/Macibu-kursa-programma_laiki_\u010cehija.pdf\">\u0160EIT<\/a><\/p>\n\n\n\n<p>Dal\u012bbai m\u0101c\u012bb\u0101s\naicin\u0101m pieteikties, zvanot pa t\u0101lr. 26536985 (Aigai) vai rakstot uz e-pastu:\ninfo@lzf.lv<\/p>\n\n\n\n<p>Dal\u012bbnieku\nskaits ierobe\u017eots!<\/p>\n\n\n\n<p>Pirms apstiprin\u0101sim J\u016bsu re\u0123istr\u0101ciju, l\u016bgums aizpild\u012bt un elektroniski ats\u016bt\u012bt <a href=\"https:\/\/lzf.lv\/wp-content\/uploads\/2019\/09\/M\u0101c\u012bbu-dal\u012bbnieka-re\u0123istr\u0101cijas-veidlapa.pdf\">M\u0101c\u012bbu dal\u012bbnieka re\u0123istr\u0101cijas veidlapu<\/a>. Papildus aicin\u0101m ats\u016bt\u012bt skan\u0113tus sken\u0113tus dokumentus, kas pier\u0101da iesaisti lauksaimniec\u012bbas, p\u0101rtikas (iz\u0146emot zivsaimniec\u012bbas produktu) ra\u017eo\u0161anas vai me\u017esaimniec\u012bbas nozar\u0113s. K\u0101 apliecino\u0161ie dokumenti var b\u016bt zemesgr\u0101mata, kas apliecina, ka J\u016bsu \u012bpa\u0161um\u0101 ir zeme, me\u017es, LAD EPS izdruka, ja 2019. gad\u0101 esat pieteicies plat\u012bbu maks\u0101jumiem. Uz\u0146\u0113muma (z\/s) darbiniekiem izzi\u0146a par to, ka str\u0101d\u0101 uz\u0146\u0113mum\u0101 (darba l\u012bgums nav j\u0101iesniedz), par \u0123imenes locek\u013ciem -skaidrojumu ieraksta M\u0101c\u012bbu dal\u012bbnieka re\u0123istr\u0101cijas veidlap\u0101 sada\u013c\u0101 Piez\u012bmes \u2013radniec\u012bbas saist\u012bbu ar uz\u0146\u0113muma \u012bpa\u0161nieku, k\u0101 ar\u012b inform\u0101ciju par to, ka klaus\u012bt\u0101js ir iesaist\u012bts uz\u0146\u0113muma saimnieciskaj\u0101 darb\u012bb\u0101 un ir kop\u012bga m\u0101jsaimniec\u012bba.<\/p>\n\n\n\n<p>M\u0101c\u012bbu laik\u0101\ntiks fotograf\u0113ts\/film\u0113ts, un \u0161ie materi\u0101li var tikt izmantoti publicit\u0101tes\nnol\u016bkos.<\/p>\n\n\n\n<p>LAP 2014.-2020.\npas\u0101kuma \u201eZin\u0101\u0161anu p\u0101rneses un inform\u0101cijas pas\u0101kumi\u201d apak\u0161pas\u0101kums\n\u201cProfesion\u0101l\u0101s izgl\u012bt\u012bbas un prasmju apguves pas\u0101kumi\u201d, LAD L\u012bguma nr. LAD 180319\/P16<\/p>\n\n\n\n<p>Atbalsta Zemkop\u012bbas ministrija un Lauku atbalsta dienests<\/p>\n\n\n\n<figure class=\"wp-block-image\"><img loading=\"lazy\" decoding=\"async\" width=\"1024\" height=\"177\" src=\"https:\/\/lzf.lv\/wp-content\/uploads\/2017\/09\/EU-NAP-logo-1024x177.jpg\" alt=\"\" class=\"wp-image-908\" srcset=\"https:\/\/lzf.lv\/wp-content\/uploads\/2017\/09\/EU-NAP-logo-1024x177.jpg 1024w, https:\/\/lzf.lv\/wp-content\/uploads\/2017\/09\/EU-NAP-logo-300x52.jpg 300w, https:\/\/lzf.lv\/wp-content\/uploads\/2017\/09\/EU-NAP-logo-768x133.jpg 768w, https:\/\/lzf.lv\/wp-content\/uploads\/2017\/09\/EU-NAP-logo.jpg 1500w\" sizes=\"auto, (max-width: 1024px) 100vw, 1024px\" \/><\/figure>\n\n\n\n<p>Papildus inform\u0101cija:<\/p>\n\n\n\n<p><a href=\"http:\/\/www.lzf.lv\/\">www.lzf.lv<\/a><\/p>\n\n\n\n<p>Aiga Kuzma<\/p>\n\n\n\n<p>Biedr\u012bba \u201eLatvijas Zemnieku feder\u0101cija\u201d<\/p>\n\n\n\n<p>Biroja vad\u012bt\u0101ja<\/p>\n\n\n\n<p>T.26536985<\/p>\n\n\n\n<p><a href=\"mailto:info@lzf.lv\">info@lzf.lv<\/a><strong>&nbsp;&nbsp;&nbsp;&nbsp;\n<\/strong><\/p>\n","protected":false},"excerpt":{"rendered":"<div class=\"mh-excerpt\"><p>Biedr\u012bba \u201cLatvijas Zemnieku feder\u0101cija\u201d, pas\u0101kuma \u201cZin\u0101\u0161anu p\u0101rneses un inform\u0101cijas pas\u0101kumi\u201d apak\u0161pas\u0101kuma \u201cProfesion\u0101l\u0101s izgl\u012bt\u012bbas un prasmju apguves pas\u0101kumi\u201d ietvaros organiz\u0113&nbsp;m\u0101c\u012bbas \u201cKooper\u0101cijas <a class=\"mh-excerpt-more\" href=\"https:\/\/lzf.lv\/?p=2787\" title=\"Pieteik\u0161an\u0101s sl\u0113gta! Aicin\u0101m uz m\u0101c\u012bb\u0101m par kooper\u0101cijas noz\u012bmi mazo saimniec\u012bbu att\u012bst\u012bb\u0101, konkur\u0113tsp\u0113jas palielin\u0101\u0161an\u0101 un citu valstu sadarb\u012bbas pieredzi.\">[&#8230;Las\u012bt vair\u0101k]<\/a><\/p>\n<\/div>","protected":false},"author":2,"featured_media":2786,"comment_status":"closed","ping_status":"open","sticky":false,"template":"","format":"standard","meta":{"footnotes":""},"categories":[1],"tags":[],"class_list":["post-2787","post","type-post","status-publish","format-standard","has-post-thumbnail","hentry","category-aktualitates"],"_links":{"self":[{"href":"https:\/\/lzf.lv\/index.php?rest_route=\/wp\/v2\/posts\/2787","targetHints":{"allow":["GET"]}}],"collection":[{"href":"https:\/\/lzf.lv\/index.php?rest_route=\/wp\/v2\/posts"}],"about":[{"href":"https:\/\/lzf.lv\/index.php?rest_route=\/wp\/v2\/types\/post"}],"author":[{"embeddable":true,"href":"https:\/\/lzf.lv\/index.php?rest_route=\/wp\/v2\/users\/2"}],"replies":[{"embeddable":true,"href":"https:\/\/lzf.lv\/index.php?rest_route=%2Fwp%2Fv2%2Fcomments&post=2787"}],"version-history":[{"count":5,"href":"https:\/\/lzf.lv\/index.php?rest_route=\/wp\/v2\/posts\/2787\/revisions"}],"predecessor-version":[{"id":2797,"href":"https:\/\/lzf.lv\/index.php?rest_route=\/wp\/v2\/posts\/2787\/revisions\/2797"}],"wp:featuredmedia":[{"embeddable":true,"href":"https:\/\/lzf.lv\/index.php?rest_route=\/wp\/v2\/media\/2786"}],"wp:attachment":[{"href":"https:\/\/lzf.lv\/index.php?rest_route=%2Fwp%2Fv2%2Fmedia&parent=2787"}],"wp:term":[{"taxonomy":"category","embeddable":true,"href":"https:\/\/lzf.lv\/index.php?rest_route=%2Fwp%2Fv2%2Fcategories&post=2787"},{"taxonomy":"post_tag","embeddable":true,"href":"https:\/\/lzf.lv\/index.php?rest_route=%2Fwp%2Fv2%2Ftags&post=2787"}],"curies":[{"name":"wp","href":"https:\/\/api.w.org\/{rel}","templated":true}]}}