{"id":2897,"date":"2020-03-31T15:43:47","date_gmt":"2020-03-31T13:43:47","guid":{"rendered":"https:\/\/lzf.lv\/?p=2897"},"modified":"2020-03-31T15:43:47","modified_gmt":"2020-03-31T13:43:47","slug":"papildinatas-higienas-prasibas-sabiedriskas-edinasanas-un-mazumtirdzniecibas-uznemumiem","status":"publish","type":"post","link":"https:\/\/lzf.lv\/?p=2897","title":{"rendered":"Papildin\u0101tas higi\u0113nas pras\u012bbas sabiedrisk\u0101s \u0113din\u0101\u0161anas un mazumtirdzniec\u012bbas uz\u0146\u0113mumiem"},"content":{"rendered":"\n<p>Otrdien, 31. mart\u0101, zemkop\u012bbas ministrs Kaspars\nGerhards izdevis groz\u012bjumus 2020.&nbsp;gada 20.&nbsp;marta r\u012bkojum\u0101 Nr.&nbsp;39\n\u201cPar p\u0101rtikas aprites papildu regul\u0113jumu \u0101rk\u0101rt\u0113j\u0101s situ\u0101cijas laik\u0101\u201d,\npapildinot to ar jaun\u0101m pras\u012bb\u0101m sabiedrisk\u0101s \u0113din\u0101\u0161anas un mazumtirdzniec\u012bbas\nuz\u0146\u0113mumiem.<\/p>\n\n\n\n<p><strong>1) Turpm\u0101k sabiedrisk\u0101s\n\u0113din\u0101\u0161anas uz\u0146\u0113mum\u0101<\/strong> ir j\u0101iev\u0113ro \u0161\u0101das papildu higi\u0113nas\npras\u012bbas:<\/p>\n\n\n\n<p>&#8211;\nj\u0101nodro\u0161ina apmekl\u0113t\u0101jiem iesp\u0113ju rokas nomazg\u0101t ar siltu \u016bdeni un mazg\u0101\u0161anas\nl\u012bdzekli vai t\u0101s dezinfic\u0113t pirms \u0113dienreizes, k\u0101 ar\u012b ieejot sabiedrisk\u0101s\n\u0113din\u0101\u0161anas uz\u0146\u0113mum\u0101 un izejot no t\u0101;<\/p>\n\n\n\n<p>&#8211; nodro\u0161in\u0101t galdi\u0146a dezinfekciju\np\u0113c katra apmekl\u0113t\u0101ja \u0113dienreizes;<\/p>\n\n\n\n<p>&#8211;\niesp\u0113ju robe\u017e\u0101s kases zon\u0101 izvietot norobe\u017eotas caursp\u012bd\u012bgas\naizsargbarjeras&nbsp;\u2013 sienas.<\/p>\n\n\n\n<p><strong>2) Turpm\u0101k mazumtirdzniec\u012bbas\nuz\u0146\u0113mum\u0101<\/strong> nodro\u0161in\u0101t apmekl\u0113t\u0101jiem roku\ndezinfekciju pirms un p\u0113c iepirk\u0161an\u0101s.<\/p>\n\n\n\n<p><strong>3) Pieg\u0101d\u0101jot\nprim\u0101ros p\u0101rtikas produktus <\/strong>normat\u012bvajos aktos\nnoteiktaj\u0101 neliel\u0101 apjom\u0101 tie\u0161i galapat\u0113r\u0113t\u0101jam vai mazumtirdzniec\u012bbas\nuz\u0146\u0113mumam, kas tie\u0161i apg\u0101d\u0101 galapat\u0113r\u0113t\u0101ju, attiec\u012bgo apjomu var p\u0101rsniegt,\niev\u0113rojot \u0161ajos normat\u012bvajos aktos noteikt\u0101s higi\u0113nas un veterin\u0101r\u0101s pras\u012bbas.<\/p>\n\n\n\n<p>Zemkop\u012bbas ministrija jau inform\u0113ja, ka 20. mart\u0101\nzemkop\u012bbas ministrs Kaspars Gerhards izdeva r\u012bkojumu Nr.&nbsp;39, kur\u0101:<\/p>\n\n\n\n<ul class=\"wp-block-list\"><li>p\u0101rtikas aprit\u0113 iesaist\u012btajiem uz\u0146\u0113mumiem, kuri sniedz\n\u0113din\u0101\u0161anas pakalpojumus vai tirgo nefas\u0113tu p\u0101rtiku, kas pirms lieto\u0161anas uztur\u0101\nnav j\u0101mazg\u0101 vai termiski j\u0101apstr\u0101d\u0101 (piem\u0113ram, cepumus, gatavos \u0113dienus,\nsal\u0101tus), j\u0101nodro\u0161ina min\u0113to produktu tirgo\u0161ana tikai fas\u0113t\u0101 veid\u0101\npa\u0161apkalpo\u0161anas zon\u0101s vai iesai\u0146o\u0161anu p\u0113c pirc\u0113ja l\u016bguma;<\/li><li>Sabiedrisk\u0101s \u0113din\u0101\u0161anas uz\u0146\u0113mumiem j\u0101nodro\u0161ina katram\napmekl\u0113t\u0101jam individu\u0101lu galda piederumu un trauku komplektu, k\u0101 ar\u012b salve\u0161u\nizsnieg\u0161anu (piem\u0113ram, \u0161\u0137\u012bvji nedr\u012bkst apmekl\u0113t\u0101ju zon\u0101 b\u016bt izvietoti kaudz\u0113s,\ndak\u0161as un na\u017ei nedr\u012bkst b\u016bt apmekl\u0113t\u0101ju izvietoti atkl\u0101t\u0101 veid\u0101 kast\u0113s).<\/li><\/ul>\n\n\n\n<p>2020.\u00a0gada 20.\u00a0marta r\u012bkojums Nr.\u00a039 ar 31. marta groz\u012bjumiem \u201c<a href=\"https:\/\/likumi.lv\/ta\/id\/313367\/redakcijas-datums\/2020\/04\/01\"><em>Par p\u0101rtikas aprites papildu regul\u0113jumu \u0101rk\u0101rt\u0113j\u0101s situ\u0101cijas laik\u0101<\/em><\/a>\u201d (pilns papildin\u0101ts r\u012bkojuma teksts, ietverot 31.03.2020. groz\u012bjumus) st\u0101jas sp\u0113k\u0101 n\u0101kamaj\u0101 dien\u0101 (01.04.2020.) p\u0113c t\u0101 public\u0113\u0161anas ofici\u0101laj\u0101 laikrakst\u0101 \u201c<a href=\"https:\/\/www.vestnesis.lv\/\"><em>Latvijas v\u0113stnesis<\/em><\/a>\u201d.<\/p>\n\n\n\n<p>Inform\u0101cijas avots :ZM<\/p>\n","protected":false},"excerpt":{"rendered":"<div class=\"mh-excerpt\"><p>Otrdien, 31. mart\u0101, zemkop\u012bbas ministrs Kaspars Gerhards izdevis groz\u012bjumus 2020.&nbsp;gada 20.&nbsp;marta r\u012bkojum\u0101 Nr.&nbsp;39 \u201cPar p\u0101rtikas aprites papildu regul\u0113jumu \u0101rk\u0101rt\u0113j\u0101s situ\u0101cijas <a class=\"mh-excerpt-more\" href=\"https:\/\/lzf.lv\/?p=2897\" title=\"Papildin\u0101tas higi\u0113nas pras\u012bbas sabiedrisk\u0101s \u0113din\u0101\u0161anas un mazumtirdzniec\u012bbas uz\u0146\u0113mumiem\">[&#8230;Las\u012bt vair\u0101k]<\/a><\/p>\n<\/div>","protected":false},"author":2,"featured_media":2896,"comment_status":"closed","ping_status":"open","sticky":false,"template":"","format":"standard","meta":{"footnotes":""},"categories":[1],"tags":[],"class_list":["post-2897","post","type-post","status-publish","format-standard","has-post-thumbnail","hentry","category-aktualitates"],"_links":{"self":[{"href":"https:\/\/lzf.lv\/index.php?rest_route=\/wp\/v2\/posts\/2897","targetHints":{"allow":["GET"]}}],"collection":[{"href":"https:\/\/lzf.lv\/index.php?rest_route=\/wp\/v2\/posts"}],"about":[{"href":"https:\/\/lzf.lv\/index.php?rest_route=\/wp\/v2\/types\/post"}],"author":[{"embeddable":true,"href":"https:\/\/lzf.lv\/index.php?rest_route=\/wp\/v2\/users\/2"}],"replies":[{"embeddable":true,"href":"https:\/\/lzf.lv\/index.php?rest_route=%2Fwp%2Fv2%2Fcomments&post=2897"}],"version-history":[{"count":1,"href":"https:\/\/lzf.lv\/index.php?rest_route=\/wp\/v2\/posts\/2897\/revisions"}],"predecessor-version":[{"id":2898,"href":"https:\/\/lzf.lv\/index.php?rest_route=\/wp\/v2\/posts\/2897\/revisions\/2898"}],"wp:featuredmedia":[{"embeddable":true,"href":"https:\/\/lzf.lv\/index.php?rest_route=\/wp\/v2\/media\/2896"}],"wp:attachment":[{"href":"https:\/\/lzf.lv\/index.php?rest_route=%2Fwp%2Fv2%2Fmedia&parent=2897"}],"wp:term":[{"taxonomy":"category","embeddable":true,"href":"https:\/\/lzf.lv\/index.php?rest_route=%2Fwp%2Fv2%2Fcategories&post=2897"},{"taxonomy":"post_tag","embeddable":true,"href":"https:\/\/lzf.lv\/index.php?rest_route=%2Fwp%2Fv2%2Ftags&post=2897"}],"curies":[{"name":"wp","href":"https:\/\/api.w.org\/{rel}","templated":true}]}}