{"id":5082,"date":"2025-12-07T15:19:14","date_gmt":"2025-12-07T13:19:14","guid":{"rendered":"https:\/\/lzf.lv\/?p=5082"},"modified":"2025-12-18T09:25:54","modified_gmt":"2025-12-18T07:25:54","slug":"17-decembri-jelgava-notiks-regionala-konference-par-latvijas-lauksaimniecibas-nakotni-un-ilgtspeju","status":"publish","type":"post","link":"https:\/\/lzf.lv\/?p=5082","title":{"rendered":"17. decembr\u012b Jelgav\u0101 notiks re\u0123ion\u0101l\u0101 konference par Latvijas lauksaimniec\u012bbas n\u0101kotni un ilgtsp\u0113ju"},"content":{"rendered":"\n<p>Zemkop\u012bbas ministrija (ZM) un Latvijas Lauku konsult\u0101ciju un izgl\u012bt\u012bbas centrs (LLKC) tre\u0161dien, 17. decembr\u012b Jelgav\u0101 r\u012bko re\u0123ion\u0101lo konferenci \u201cCe\u013c\u0101 uz veselu laukSaimniec\u012bbu\u201d, lai run\u0101tu par Latvijas lauksaimniec\u012bbas n\u0101kotni un ilgtsp\u0113ju.<\/p>\n\n\n\n<p><strong>Konference norisin\u0101sies \u0161.g. 17. decembr\u012b no plkst.10.00 LVM Zemgales re\u0123iona klientu centr\u0101, Loka ma\u0123istr\u0101l\u0113 2M, Jelgav\u0101<\/strong>. Pieteik\u0161an\u0101s pas\u0101kumam &#8211; tie\u0161saist\u0113&nbsp;<a href=\"https:\/\/www.mittoevents.com\/zm-regionala--jelgava\" rel=\"noreferrer noopener\" target=\"_blank\"><em>aizpildot re\u0123istr\u0101cijas anketu<\/em><\/a><strong>.<\/strong><\/p>\n\n\n\n<p>Konferenc\u0113 piedal\u012bsies zemkop\u012bbas ministrs Armands Krauze, ZM, LLKC un nozares eksperti. Pl\u0101notas ar\u012b dal\u012bbnieku diskusijas par l\u0113mumu pie\u0146em\u0161anu gan nacion\u0101l\u0101, gan saimniec\u012bbu l\u012bmen\u012b, lai kop\u0101 veidotu pamatu vesel\u012bg\u0101kai un gudr\u0101kai saimnieko\u0161anai.<\/p>\n\n\n\n<figure class=\"wp-block-image size-large\"><img loading=\"lazy\" decoding=\"async\" width=\"1024\" height=\"587\" src=\"https:\/\/lzf.lv\/wp-content\/uploads\/2025\/12\/FB-Jelgava-events_0-1024x587.jpg\" alt=\"\" class=\"wp-image-5084\" srcset=\"https:\/\/lzf.lv\/wp-content\/uploads\/2025\/12\/FB-Jelgava-events_0-1024x587.jpg 1024w, https:\/\/lzf.lv\/wp-content\/uploads\/2025\/12\/FB-Jelgava-events_0-300x172.jpg 300w, https:\/\/lzf.lv\/wp-content\/uploads\/2025\/12\/FB-Jelgava-events_0-768x440.jpg 768w, https:\/\/lzf.lv\/wp-content\/uploads\/2025\/12\/FB-Jelgava-events_0.jpg 1500w\" sizes=\"auto, (max-width: 1024px) 100vw, 1024px\" \/><\/figure>\n\n\n\n<p><strong>Konferences programma<\/strong><\/p>\n\n\n\n<ul class=\"wp-block-list\">\n<li>10.00<strong>&nbsp;Atkl\u0101\u0161ana,&nbsp;<\/strong>moderators<strong>:<\/strong>&nbsp;<strong>M\u0101rti\u0146\u0161 Cimermanis,&nbsp;<\/strong>LLKC valdes priek\u0161s\u0113d\u0113t\u0101js&nbsp;&nbsp;<\/li>\n<\/ul>\n\n\n\n<p><strong><u>K\u0101da b\u016bs Latvijas lauksaimniec\u012bba?<\/u><\/strong><\/p>\n\n\n\n<ul class=\"wp-block-list\">\n<li>10:05<strong>&nbsp;<\/strong>Lauksaimniec\u012bbas izaugsmes pl\u0101ns \u2013 izv\u0113l\u0113tais ce\u013c\u0161 2026.-2036. gadam<strong>&nbsp;\/ Armands Krauze<\/strong>, zemkop\u012bbas ministrs<\/li>\n\n\n\n<li>10:15<strong>&nbsp;<\/strong>Latvijas lauksaimniec\u012bbas&nbsp;<em>status quo<\/em>&nbsp;un Lauksaimniec\u012bbas izaugsmes pl\u0101ns \u2013 ce\u013ca karte 2026.-2036. gadam<strong>&nbsp;\/ Liene Jansone,<\/strong>&nbsp;valsts sekret\u0101ra vietniece nozaru politikas un tirgus jaut\u0101jumos<\/li>\n\n\n\n<li>11:00<strong>&nbsp;<\/strong>\u202fNozares strat\u0113\u0123iju noz\u012bme, to tap\u0161ana un ce\u013c\u0161 uz realiz\u0101ciju \u2013 putnkop\u012bbas nozares piem\u0113rs \/&nbsp;<strong>J\u0101nis Gaigals<\/strong>, Latvijas Apvienot\u0101\u202fputnkop\u012bbas\u202fnozares\u202fasoci\u0101cijas valdes priek\u0161s\u0113d\u0113t\u0101js<\/li>\n\n\n\n<li>11:15<strong>&nbsp;<\/strong>Nozares strat\u0113\u0123iju noz\u012bme, to tap\u0161ana un ce\u013c\u0161 uz realiz\u0101ciju \u2013 aitkop\u012bbas nozares piem\u0113rs \/&nbsp;<strong>Dmitrijs Bort\u0146ikovs<\/strong>, Latvijas Aitu audz\u0113t\u0101ju asoci\u0101cijas valdes priek\u0161s\u0113d\u0113t\u0101js<\/li>\n\n\n\n<li>11:30&nbsp;<strong>Diskusija&nbsp;<\/strong>\u2013 Lauksaimniec\u012bbas izaugsmes pl\u0101na \u012bsteno\u0161ana \/ moderators&nbsp;<strong>M\u0101rti\u0146s Cimermanis,<\/strong>&nbsp;LLKC valdes priek\u0161s\u0113d\u0113t\u0101js&nbsp;&nbsp;&nbsp;<\/li>\n\n\n\n<li>12.30-13.00 P\u0101rtraukums&nbsp;&nbsp;<\/li>\n<\/ul>\n\n\n\n<p><strong><u>No strat\u0113\u0123ijas \u201cuz lauka\u201d<\/u><\/strong><\/p>\n\n\n\n<ul class=\"wp-block-list\">\n<li>13:00<strong>&nbsp;<\/strong>Veselas saimniec\u012bbas pamatelementi \/&nbsp;<strong>M\u0101rti\u0146\u0161 Cimermanis,&nbsp;<\/strong>LLKC valdes priek\u0161s\u0113d\u0113t\u0101js<\/li>\n\n\n\n<li>13:20<strong>&nbsp;<\/strong>Lab\u0101s prakses piem\u0113ri ce\u013c\u0101 uz veselu saimniec\u012bbu \/&nbsp;<strong>Agnese Rad\u017eele-\u0160ulce<\/strong>, LLKC Strat\u0113\u0123ijas un komercatt\u012bst\u012bbas direktore<\/li>\n\n\n\n<li>13:40<strong>&nbsp;<\/strong>Kad dati r\u0101da ce\u013cu \u2013 k\u0101 pie\u0146emt l\u0113mumus kr\u012bz\u0113, p\u0101rmai\u0146\u0101s un izaugsm\u0113 \/&nbsp;<strong>Ter\u0113ze Rieksti\u0146a<\/strong>, LLKC Klientu apkalpo\u0161anas atbalsta da\u013cas vad\u012bt\u0101ja.&nbsp;<\/li>\n\n\n\n<li>14:00<strong>&nbsp;Diskusija:&nbsp;<\/strong>Dom\u0101, dari, mainies \u2013 veselas saimniec\u012bbas formula \/ moderators&nbsp;<strong>M\u0101rti\u0146s Cimermanis<\/strong>, LLKC valdes priek\u0161s\u0113d\u0113t\u0101js&nbsp;&nbsp;&nbsp;<\/li>\n\n\n\n<li>15.00<strong>&nbsp;Nosl\u0113gums<\/strong>&nbsp;<\/li>\n<\/ul>\n\n\n\n<p>Inform\u0101cijas avots: Zemkop\u012bbas ministrija<\/p>\n\n\n\n<p><\/p>\n","protected":false},"excerpt":{"rendered":"<div class=\"mh-excerpt\"><p>Zemkop\u012bbas ministrija (ZM) un Latvijas Lauku konsult\u0101ciju un izgl\u012bt\u012bbas centrs (LLKC) tre\u0161dien, 17. decembr\u012b Jelgav\u0101 r\u012bko re\u0123ion\u0101lo konferenci \u201cCe\u013c\u0101 uz <a class=\"mh-excerpt-more\" href=\"https:\/\/lzf.lv\/?p=5082\" title=\"17. decembr\u012b Jelgav\u0101 notiks re\u0123ion\u0101l\u0101 konference par Latvijas lauksaimniec\u012bbas n\u0101kotni un ilgtsp\u0113ju\">[&#8230;Las\u012bt vair\u0101k]<\/a><\/p>\n<\/div>","protected":false},"author":2,"featured_media":4572,"comment_status":"closed","ping_status":"closed","sticky":false,"template":"","format":"standard","meta":{"footnotes":""},"categories":[1],"tags":[],"class_list":["post-5082","post","type-post","status-publish","format-standard","has-post-thumbnail","hentry","category-aktualitates"],"_links":{"self":[{"href":"https:\/\/lzf.lv\/index.php?rest_route=\/wp\/v2\/posts\/5082","targetHints":{"allow":["GET"]}}],"collection":[{"href":"https:\/\/lzf.lv\/index.php?rest_route=\/wp\/v2\/posts"}],"about":[{"href":"https:\/\/lzf.lv\/index.php?rest_route=\/wp\/v2\/types\/post"}],"author":[{"embeddable":true,"href":"https:\/\/lzf.lv\/index.php?rest_route=\/wp\/v2\/users\/2"}],"replies":[{"embeddable":true,"href":"https:\/\/lzf.lv\/index.php?rest_route=%2Fwp%2Fv2%2Fcomments&post=5082"}],"version-history":[{"count":2,"href":"https:\/\/lzf.lv\/index.php?rest_route=\/wp\/v2\/posts\/5082\/revisions"}],"predecessor-version":[{"id":5086,"href":"https:\/\/lzf.lv\/index.php?rest_route=\/wp\/v2\/posts\/5082\/revisions\/5086"}],"wp:featuredmedia":[{"embeddable":true,"href":"https:\/\/lzf.lv\/index.php?rest_route=\/wp\/v2\/media\/4572"}],"wp:attachment":[{"href":"https:\/\/lzf.lv\/index.php?rest_route=%2Fwp%2Fv2%2Fmedia&parent=5082"}],"wp:term":[{"taxonomy":"category","embeddable":true,"href":"https:\/\/lzf.lv\/index.php?rest_route=%2Fwp%2Fv2%2Fcategories&post=5082"},{"taxonomy":"post_tag","embeddable":true,"href":"https:\/\/lzf.lv\/index.php?rest_route=%2Fwp%2Fv2%2Ftags&post=5082"}],"curies":[{"name":"wp","href":"https:\/\/api.w.org\/{rel}","templated":true}]}}